{"id":23777,"date":"2025-06-18T08:34:09","date_gmt":"2025-06-18T08:34:09","guid":{"rendered":"https:\/\/kpn.publicita.org\/?p=23777"},"modified":"2025-06-18T08:34:09","modified_gmt":"2025-06-18T08:34:09","slug":"chile-forma-parte-del-acuerdo-por-la-electromovilidad-2025","status":"publish","type":"post","link":"https:\/\/kpnenergy.cl\/index.php\/2025\/06\/18\/chile-forma-parte-del-acuerdo-por-la-electromovilidad-2025\/","title":{"rendered":"Chile forma parte del Acuerdo por la Electromovilidad 2025"},"content":{"rendered":"<p><span style=\"font-weight: 400;\">Chile contin\u00faa consolidando su liderazgo en <\/span><b>movilidad sostenible<\/b><span style=\"font-weight: 400;\"> al convertirse en parte del nuevo <\/span><b>Acuerdo por la Electromovilidad 2025<\/b><span style=\"font-weight: 400;\">, una iniciativa que busca acelerar la transici\u00f3n energ\u00e9tica del pa\u00eds y reducir las emisiones en el sector transporte.<\/span><\/p>\n<p><span style=\"font-weight: 400;\">Este acuerdo, de car\u00e1cter p\u00fablico-privado, re\u00fane a 175 instituciones, entre ellas empresas tecnol\u00f3gicas, centros acad\u00e9micos y gobiernos regionales, que trabajar\u00e1n de forma conjunta para construir un ecosistema robusto, eficiente y sostenible de <\/span><a href=\"http:\/\/kpnenergy.cl\/electromovilidad-en-chile\/\" target=\"_blank\" rel=\"noopener\"><b>electromovilidad<\/b><\/a><span style=\"font-weight: 400;\">.<\/span><\/p>\n<h2><b>Un compromiso estrat\u00e9gico por la movilidad el\u00e9ctrica<\/b><\/h2>\n<p><span style=\"font-weight: 400;\">A diferencia de las versiones anteriores, el Acuerdo por la Electromovilidad 2025 incluye nuevas metas de largo plazo, alineadas con el objetivo nacional de alcanzar la <\/span><b>carbono neutralidad al 2050<\/b><span style=\"font-weight: 400;\">.<\/span><\/p>\n<p>Conoce la <strong><a href=\"http:\/\/kpnenergy.cl\/normas-para-instalar-cargadores-electricos-en-chile\/\" target=\"_blank\" rel=\"noopener\">normativa para instalar cargadores el\u00e9ctricos en Chile<\/a><\/strong><\/p>\n<p><span style=\"font-weight: 400;\">Entre los compromisos m\u00e1s destacados se encuentran:<\/span><\/p>\n<ul>\n<li style=\"font-weight: 400;\" aria-level=\"1\"><b>Descentralizaci\u00f3n<\/b><span style=\"font-weight: 400;\"> de la infraestructura de carga para garantizar cobertura en todo el territorio nacional.<\/span><\/li>\n<li style=\"font-weight: 400;\" aria-level=\"1\"><span style=\"font-weight: 400;\">Avances en <\/span><b>interoperabilidad<\/b><span style=\"font-weight: 400;\"> entre redes de carga y plataformas tecnol\u00f3gicas.<\/span><\/li>\n<li style=\"font-weight: 400;\" aria-level=\"1\"><b>Certificaci\u00f3n de capital humano especializado<\/b><span style=\"font-weight: 400;\"> en movilidad el\u00e9ctrica.<\/span><\/li>\n<li style=\"font-weight: 400;\" aria-level=\"1\"><span style=\"font-weight: 400;\">Nuevos <\/span><b>protocolos de seguridad<\/b><span style=\"font-weight: 400;\"> para veh\u00edculos el\u00e9ctricos.<\/span><\/li>\n<li style=\"font-weight: 400;\" aria-level=\"1\"><span style=\"font-weight: 400;\">Promoci\u00f3n de tecnolog\u00edas emergentes como la <\/span><b>carga bidireccional (V2G)<\/b><span style=\"font-weight: 400;\">, la <\/span><b>micromovilidad<\/b><span style=\"font-weight: 400;\">, el <\/span><b>hidr\u00f3geno verde<\/b><span style=\"font-weight: 400;\"> y el uso de <\/span><b>inteligencia artificial<\/b><span style=\"font-weight: 400;\"> para mejorar la eficiencia operativa.<\/span><\/li>\n<\/ul>\n<h3><b>Impulsando la infraestructura y la regulaci\u00f3n<\/b><\/h3>\n<p><span style=\"font-weight: 400;\">Uno de los pilares del acuerdo es el desarrollo de una infraestructura que permita recorrer Chile en veh\u00edculos el\u00e9ctricos con confianza y seguridad. Para lograrlo, se plantea acelerar los procesos regulatorios y t\u00e9cnicos, as\u00ed como fomentar la inversi\u00f3n en estaciones de carga r\u00e1pida, cargadores residenciales y soluciones m\u00f3viles.<\/span><\/p>\n<p><span style=\"font-weight: 400;\">Estas acciones est\u00e1n directamente conectadas con el crecimiento del parque vehicular el\u00e9ctrico en el pa\u00eds, y con la necesidad de responder con soluciones innovadoras, sostenibles y accesibles para todos los usuarios.<\/span><\/p>\n<h3><b>M\u00e1s que un acuerdo, una visi\u00f3n de futuro<\/b><\/h3>\n<p><span style=\"font-weight: 400;\">El nuevo acuerdo marca un cambio en la forma de abordar la <\/span><b>electromovilidad<\/b><span style=\"font-weight: 400;\">: ya no se trata de esfuerzos aislados, sino de una estrategia coordinada entre distintos actores. Esta visi\u00f3n colaborativa busca fomentar la <\/span><b>innovaci\u00f3n con impacto social<\/b><span style=\"font-weight: 400;\">, garantizando una transici\u00f3n energ\u00e9tica justa, eficiente y que genere oportunidades en todas las regiones.<\/span><\/p>\n<h2><b>Chile, un referente regional en energ\u00edas renovables y transporte limpio<\/b><\/h2>\n<p><span style=\"font-weight: 400;\">Gracias a esto, Chile se posiciona como un l\u00edder en la adopci\u00f3n de <\/span><a href=\"http:\/\/kpnenergy.cl\/movilidad-electrica-chile\/\" target=\"_blank\" rel=\"noopener\"><strong>energ\u00edas renovables<\/strong><\/a><span style=\"font-weight: 400;\"><strong> aplicadas a la movilidad<\/strong>. Este acuerdo reafirma el compromiso del pa\u00eds con la descarbonizaci\u00f3n, la innovaci\u00f3n tecnol\u00f3gica y la construcci\u00f3n de ciudades m\u00e1s limpias y habitables.<\/span><\/p>\n<p><span style=\"font-weight: 400;\">En KPN Energy celebramos este tipo de iniciativas que abren camino hacia un futuro m\u00e1s sostenible. Seguimos comprometidos con ofrecer soluciones en <\/span><b>electromovilidad<\/b><span style=\"font-weight: 400;\">, generaci\u00f3n limpia y gesti\u00f3n de flotas, acompa\u00f1ando a nuestros clientes en cada etapa de la transici\u00f3n energ\u00e9tica.<\/span><\/p>\n","protected":false},"excerpt":{"rendered":"<p>Chile contin\u00faa consolidando su liderazgo en movilidad sostenible al convertirse en parte del nuevo Acuerdo por la Electromovilidad 2025, una iniciativa que busca acelerar la transici\u00f3n energ\u00e9tica del pa\u00eds y reducir las emisiones en el sector transporte. Este acuerdo, de car\u00e1cter p\u00fablico-privado, re\u00fane a 175 instituciones, entre ellas empresas tecnol\u00f3gicas, centros acad\u00e9micos y gobiernos regionales, [&hellip;]<\/p>\n","protected":false},"author":2,"featured_media":23780,"comment_status":"closed","ping_status":"open","sticky":false,"template":"","format":"standard","meta":{"footnotes":""},"categories":[40],"tags":[],"class_list":["post-23777","post","type-post","status-publish","format-standard","has-post-thumbnail","hentry","category-movilidad-electrica"],"_links":{"self":[{"href":"https:\/\/kpnenergy.cl\/index.php\/wp-json\/wp\/v2\/posts\/23777","targetHints":{"allow":["GET"]}}],"collection":[{"href":"https:\/\/kpnenergy.cl\/index.php\/wp-json\/wp\/v2\/posts"}],"about":[{"href":"https:\/\/kpnenergy.cl\/index.php\/wp-json\/wp\/v2\/types\/post"}],"author":[{"embeddable":true,"href":"https:\/\/kpnenergy.cl\/index.php\/wp-json\/wp\/v2\/users\/2"}],"replies":[{"embeddable":true,"href":"https:\/\/kpnenergy.cl\/index.php\/wp-json\/wp\/v2\/comments?post=23777"}],"version-history":[{"count":0,"href":"https:\/\/kpnenergy.cl\/index.php\/wp-json\/wp\/v2\/posts\/23777\/revisions"}],"wp:featuredmedia":[{"embeddable":true,"href":"https:\/\/kpnenergy.cl\/index.php\/wp-json\/wp\/v2\/media\/23780"}],"wp:attachment":[{"href":"https:\/\/kpnenergy.cl\/index.php\/wp-json\/wp\/v2\/media?parent=23777"}],"wp:term":[{"taxonomy":"category","embeddable":true,"href":"https:\/\/kpnenergy.cl\/index.php\/wp-json\/wp\/v2\/categories?post=23777"},{"taxonomy":"post_tag","embeddable":true,"href":"https:\/\/kpnenergy.cl\/index.php\/wp-json\/wp\/v2\/tags?post=23777"}],"curies":[{"name":"wp","href":"https:\/\/api.w.org\/{rel}","templated":true}]}}